{"id":1633,"date":"2024-11-24T07:35:24","date_gmt":"2024-11-24T07:35:24","guid":{"rendered":"https:\/\/mintxeta.com\/?p=1633"},"modified":"2024-11-24T07:36:40","modified_gmt":"2024-11-24T07:36:40","slug":"nueva-imagen-del-cross","status":"publish","type":"post","link":"https:\/\/mintxeta.com\/index.php\/2024\/11\/24\/nueva-imagen-del-cross\/","title":{"rendered":"Nueva imagen del Cross"},"content":{"rendered":"\n<p>La organizaci\u00f3n del Cross Internacional Juan Muguerza de Elgoibar lleva meses trabajando en la nueva edici\u00f3n que se celebrar\u00e1 el 5 de enero de 2025. En esta ocasi\u00f3n presentamos el logo que a partir de ahora ser\u00e1 la imagen de nuestro evento.<\/p>\n\n\n\n<p>El logo destaca el verde de las campas de Mintxeta, el color del barro y el tart\u00e1n de la famosa pista del cross junto a esa e de Elgoibar. Este logo viene acompa\u00f1ado tambi\u00e9n por la renovaci\u00f3n de parte del equipo organizativo de Mintxeta A.T. y esta es la primera de las acciones que se han llevado a cabo con el objetivo de modernizar&nbsp; el cross.<\/p>\n\n\n\n<p><\/p>\n\n\n\n<figure class=\"wp-block-image size-large\"><img loading=\"lazy\" decoding=\"async\" width=\"1024\" height=\"1024\" src=\"https:\/\/mintxeta.com\/wp-content\/uploads\/2024\/11\/logo-JUAN-MUGUERZA-ELGOIBAR-traz-1-1024x1024.jpg\" alt=\"\" class=\"wp-image-1635\" srcset=\"https:\/\/mintxeta.com\/wp-content\/uploads\/2024\/11\/logo-JUAN-MUGUERZA-ELGOIBAR-traz-1-980x980.jpg 980w, https:\/\/mintxeta.com\/wp-content\/uploads\/2024\/11\/logo-JUAN-MUGUERZA-ELGOIBAR-traz-1-480x480.jpg 480w\" sizes=\"(min-width: 0px) and (max-width: 480px) 480px, (min-width: 481px) and (max-width: 980px) 980px, (min-width: 981px) 1024px, 100vw\" \/><\/figure>\n","protected":false},"excerpt":{"rendered":"<p>La organizaci\u00f3n del Cross Internacional Juan Muguerza de Elgoibar lleva meses trabajando en la nueva edici\u00f3n que se celebrar\u00e1 el 5 de enero de 2025. En esta ocasi\u00f3n presentamos el logo que a partir de ahora ser\u00e1 la imagen de nuestro evento. El logo destaca el verde de las campas de Mintxeta, el color del [&hellip;]<\/p>\n","protected":false},"author":2,"featured_media":1635,"comment_status":"closed","ping_status":"closed","sticky":false,"template":"","format":"standard","meta":{"_et_pb_use_builder":"off","_et_pb_old_content":"","_et_gb_content_width":"","footnotes":""},"categories":[1],"tags":[],"class_list":["post-1633","post","type-post","status-publish","format-standard","has-post-thumbnail","hentry","category-castellano"],"_links":{"self":[{"href":"https:\/\/mintxeta.com\/index.php\/wp-json\/wp\/v2\/posts\/1633","targetHints":{"allow":["GET"]}}],"collection":[{"href":"https:\/\/mintxeta.com\/index.php\/wp-json\/wp\/v2\/posts"}],"about":[{"href":"https:\/\/mintxeta.com\/index.php\/wp-json\/wp\/v2\/types\/post"}],"author":[{"embeddable":true,"href":"https:\/\/mintxeta.com\/index.php\/wp-json\/wp\/v2\/users\/2"}],"replies":[{"embeddable":true,"href":"https:\/\/mintxeta.com\/index.php\/wp-json\/wp\/v2\/comments?post=1633"}],"version-history":[{"count":1,"href":"https:\/\/mintxeta.com\/index.php\/wp-json\/wp\/v2\/posts\/1633\/revisions"}],"predecessor-version":[{"id":1636,"href":"https:\/\/mintxeta.com\/index.php\/wp-json\/wp\/v2\/posts\/1633\/revisions\/1636"}],"wp:featuredmedia":[{"embeddable":true,"href":"https:\/\/mintxeta.com\/index.php\/wp-json\/wp\/v2\/media\/1635"}],"wp:attachment":[{"href":"https:\/\/mintxeta.com\/index.php\/wp-json\/wp\/v2\/media?parent=1633"}],"wp:term":[{"taxonomy":"category","embeddable":true,"href":"https:\/\/mintxeta.com\/index.php\/wp-json\/wp\/v2\/categories?post=1633"},{"taxonomy":"post_tag","embeddable":true,"href":"https:\/\/mintxeta.com\/index.php\/wp-json\/wp\/v2\/tags?post=1633"}],"curies":[{"name":"wp","href":"https:\/\/api.w.org\/{rel}","templated":true}]}}